{"id":1451,"date":"2022-11-20T16:10:50","date_gmt":"2022-11-20T16:10:50","guid":{"rendered":"https:\/\/restaurant-cafedesfederations-lyon.fr\/2022\/11\/20\/150-years-of-the-feds\/"},"modified":"2023-12-13T16:06:11","modified_gmt":"2023-12-13T16:06:11","slug":"150-years-of-the-feds","status":"publish","type":"post","link":"https:\/\/www.restaurant-cafedesfederations-lyon.fr\/en\/150-years-of-the-feds\/","title":{"rendered":"150 years of le Caf\u00e9 des F\u00e9d\u00e9rations"},"content":{"rendered":"<p>We&#8217;re damaging ourselves by taking anything instead of the best!<\/p>\n<p><a href=\"https:\/\/restaurant-cafedesfederations-lyon.fr\/wp-content\/uploads\/2023\/11\/article-lyon-people.pdf\" target=\"_blank\" rel=\"noopener\">The Lyon People article<\/a><\/p>\n","protected":false},"excerpt":{"rendered":"<p>We&#8217;re damaging ourselves by taking anything instead of the best! The Lyon People article<\/p>\n","protected":false},"author":1,"featured_media":0,"comment_status":"closed","ping_status":"closed","sticky":false,"template":"","format":"standard","meta":{"_et_pb_use_builder":"","_et_pb_old_content":"","_et_gb_content_width":"","footnotes":""},"categories":[25],"tags":[],"class_list":["post-1451","post","type-post","status-publish","format-standard","hentry","category-press"],"yoast_head":"<!-- This site is optimized with the Yoast SEO plugin v27.3 - https:\/\/yoast.com\/product\/yoast-seo-wordpress\/ -->\n<title>150 years of le Caf\u00e9 des F\u00e9d\u00e9rations - Caf\u00e9 des F\u00e9d\u00e9rations<\/title>\n<meta name=\"description\" content=\"The historic Bouchon Lyonnais Caf\u00e9 des F\u00e9d\u00e9s is celebrating its 150th anniversary in 2022, the press is talking about it. Read the article!\" \/>\n<meta name=\"robots\" content=\"index, follow, max-snippet:-1, max-image-preview:large, max-video-preview:-1\" \/>\n<link rel=\"canonical\" href=\"https:\/\/www.restaurant-cafedesfederations-lyon.fr\/en\/150-years-of-the-feds\/\" \/>\n<meta property=\"og:locale\" content=\"en_US\" \/>\n<meta property=\"og:type\" content=\"article\" \/>\n<meta property=\"og:title\" content=\"150 years of le Caf\u00e9 des F\u00e9d\u00e9rations - Caf\u00e9 des F\u00e9d\u00e9rations\" \/>\n<meta property=\"og:description\" content=\"The historic Bouchon Lyonnais Caf\u00e9 des F\u00e9d\u00e9s is celebrating its 150th anniversary in 2022, the press is talking about it. Read the article!\" \/>\n<meta property=\"og:url\" content=\"https:\/\/www.restaurant-cafedesfederations-lyon.fr\/en\/150-years-of-the-feds\/\" \/>\n<meta property=\"og:site_name\" content=\"Caf\u00e9 des F\u00e9d\u00e9rations\" \/>\n<meta property=\"article:publisher\" content=\"https:\/\/www.facebook.com\/cafedesfederations\" \/>\n<meta property=\"article:published_time\" content=\"2022-11-20T16:10:50+00:00\" \/>\n<meta property=\"article:modified_time\" content=\"2023-12-13T16:06:11+00:00\" \/>\n<meta name=\"author\" content=\"CafeDesFedes\" \/>\n<meta name=\"twitter:card\" content=\"summary_large_image\" \/>\n<meta name=\"twitter:label1\" content=\"Written by\" \/>\n\t<meta name=\"twitter:data1\" content=\"CafeDesFedes\" \/>\n<script type=\"application\/ld+json\" class=\"yoast-schema-graph\">{\"@context\":\"https:\\\/\\\/schema.org\",\"@graph\":[{\"@type\":\"Article\",\"@id\":\"https:\\\/\\\/www.restaurant-cafedesfederations-lyon.fr\\\/en\\\/150-years-of-the-feds\\\/#article\",\"isPartOf\":{\"@id\":\"https:\\\/\\\/www.restaurant-cafedesfederations-lyon.fr\\\/en\\\/150-years-of-the-feds\\\/\"},\"author\":{\"name\":\"CafeDesFedes\",\"@id\":\"https:\\\/\\\/www.restaurant-cafedesfederations-lyon.fr\\\/en\\\/#\\\/schema\\\/person\\\/a4a61428ab2943e0c24045d1df7e2482\"},\"headline\":\"150 years of le Caf\u00e9 des F\u00e9d\u00e9rations\",\"datePublished\":\"2022-11-20T16:10:50+00:00\",\"dateModified\":\"2023-12-13T16:06:11+00:00\",\"mainEntityOfPage\":{\"@id\":\"https:\\\/\\\/www.restaurant-cafedesfederations-lyon.fr\\\/en\\\/150-years-of-the-feds\\\/\"},\"wordCount\":23,\"publisher\":{\"@id\":\"https:\\\/\\\/www.restaurant-cafedesfederations-lyon.fr\\\/en\\\/#organization\"},\"articleSection\":[\"Press\"],\"inLanguage\":\"en-US\"},{\"@type\":\"WebPage\",\"@id\":\"https:\\\/\\\/www.restaurant-cafedesfederations-lyon.fr\\\/en\\\/150-years-of-the-feds\\\/\",\"url\":\"https:\\\/\\\/www.restaurant-cafedesfederations-lyon.fr\\\/en\\\/150-years-of-the-feds\\\/\",\"name\":\"150 years of le Caf\u00e9 des F\u00e9d\u00e9rations - Caf\u00e9 des F\u00e9d\u00e9rations\",\"isPartOf\":{\"@id\":\"https:\\\/\\\/www.restaurant-cafedesfederations-lyon.fr\\\/en\\\/#website\"},\"datePublished\":\"2022-11-20T16:10:50+00:00\",\"dateModified\":\"2023-12-13T16:06:11+00:00\",\"description\":\"The historic Bouchon Lyonnais Caf\u00e9 des F\u00e9d\u00e9s is celebrating its 150th anniversary in 2022, the press is talking about it. Read the article!\",\"breadcrumb\":{\"@id\":\"https:\\\/\\\/www.restaurant-cafedesfederations-lyon.fr\\\/en\\\/150-years-of-the-feds\\\/#breadcrumb\"},\"inLanguage\":\"en-US\",\"potentialAction\":[{\"@type\":\"ReadAction\",\"target\":[\"https:\\\/\\\/www.restaurant-cafedesfederations-lyon.fr\\\/en\\\/150-years-of-the-feds\\\/\"]}]},{\"@type\":\"BreadcrumbList\",\"@id\":\"https:\\\/\\\/www.restaurant-cafedesfederations-lyon.fr\\\/en\\\/150-years-of-the-feds\\\/#breadcrumb\",\"itemListElement\":[{\"@type\":\"ListItem\",\"position\":1,\"name\":\"Accueil\",\"item\":\"https:\\\/\\\/www.restaurant-cafedesfederations-lyon.fr\\\/en\\\/\"},{\"@type\":\"ListItem\",\"position\":2,\"name\":\"150 years of le Caf\u00e9 des F\u00e9d\u00e9rations\"}]},{\"@type\":\"WebSite\",\"@id\":\"https:\\\/\\\/www.restaurant-cafedesfederations-lyon.fr\\\/en\\\/#website\",\"url\":\"https:\\\/\\\/www.restaurant-cafedesfederations-lyon.fr\\\/en\\\/\",\"name\":\"Caf\u00e9 des F\u00e9d\u00e9rations\",\"description\":\"Authentique et historique bouchon lyonnais\",\"publisher\":{\"@id\":\"https:\\\/\\\/www.restaurant-cafedesfederations-lyon.fr\\\/en\\\/#organization\"},\"potentialAction\":[{\"@type\":\"SearchAction\",\"target\":{\"@type\":\"EntryPoint\",\"urlTemplate\":\"https:\\\/\\\/www.restaurant-cafedesfederations-lyon.fr\\\/en\\\/?s={search_term_string}\"},\"query-input\":{\"@type\":\"PropertyValueSpecification\",\"valueRequired\":true,\"valueName\":\"search_term_string\"}}],\"inLanguage\":\"en-US\"},{\"@type\":\"Organization\",\"@id\":\"https:\\\/\\\/www.restaurant-cafedesfederations-lyon.fr\\\/en\\\/#organization\",\"name\":\"Caf\u00e9 des F\u00e9d\u00e9rations\",\"url\":\"https:\\\/\\\/www.restaurant-cafedesfederations-lyon.fr\\\/en\\\/\",\"logo\":{\"@type\":\"ImageObject\",\"inLanguage\":\"en-US\",\"@id\":\"https:\\\/\\\/www.restaurant-cafedesfederations-lyon.fr\\\/en\\\/#\\\/schema\\\/logo\\\/image\\\/\",\"url\":\"https:\\\/\\\/restaurant-cafedesfederations-lyon.fr\\\/wp-content\\\/uploads\\\/2023\\\/11\\\/LOGO-fedes.png\",\"contentUrl\":\"https:\\\/\\\/restaurant-cafedesfederations-lyon.fr\\\/wp-content\\\/uploads\\\/2023\\\/11\\\/LOGO-fedes.png\",\"width\":2682,\"height\":1360,\"caption\":\"Caf\u00e9 des F\u00e9d\u00e9rations\"},\"image\":{\"@id\":\"https:\\\/\\\/www.restaurant-cafedesfederations-lyon.fr\\\/en\\\/#\\\/schema\\\/logo\\\/image\\\/\"},\"sameAs\":[\"https:\\\/\\\/www.facebook.com\\\/cafedesfederations\",\"https:\\\/\\\/www.instagram.com\\\/le_cafe_des_federations\\\/?hl=fr\"]},{\"@type\":\"Person\",\"@id\":\"https:\\\/\\\/www.restaurant-cafedesfederations-lyon.fr\\\/en\\\/#\\\/schema\\\/person\\\/a4a61428ab2943e0c24045d1df7e2482\",\"name\":\"CafeDesFedes\",\"image\":{\"@type\":\"ImageObject\",\"inLanguage\":\"en-US\",\"@id\":\"https:\\\/\\\/secure.gravatar.com\\\/avatar\\\/4736a0ede3e1c47b61cd3504372b52fe3c71b50e0cbc9edcee5a1ac4c668cafc?s=96&d=mm&r=g\",\"url\":\"https:\\\/\\\/secure.gravatar.com\\\/avatar\\\/4736a0ede3e1c47b61cd3504372b52fe3c71b50e0cbc9edcee5a1ac4c668cafc?s=96&d=mm&r=g\",\"contentUrl\":\"https:\\\/\\\/secure.gravatar.com\\\/avatar\\\/4736a0ede3e1c47b61cd3504372b52fe3c71b50e0cbc9edcee5a1ac4c668cafc?s=96&d=mm&r=g\",\"caption\":\"CafeDesFedes\"},\"sameAs\":[\"https:\\\/\\\/restaurant-cafedesfederations-lyon.fr\"],\"url\":\"https:\\\/\\\/www.restaurant-cafedesfederations-lyon.fr\\\/en\\\/author\\\/cafedesfedes\\\/\"}]}<\/script>\n<!-- \/ Yoast SEO plugin. -->","yoast_head_json":{"title":"150 years of le Caf\u00e9 des F\u00e9d\u00e9rations - Caf\u00e9 des F\u00e9d\u00e9rations","description":"The historic Bouchon Lyonnais Caf\u00e9 des F\u00e9d\u00e9s is celebrating its 150th anniversary in 2022, the press is talking about it. Read the article!","robots":{"index":"index","follow":"follow","max-snippet":"max-snippet:-1","max-image-preview":"max-image-preview:large","max-video-preview":"max-video-preview:-1"},"canonical":"https:\/\/www.restaurant-cafedesfederations-lyon.fr\/en\/150-years-of-the-feds\/","og_locale":"en_US","og_type":"article","og_title":"150 years of le Caf\u00e9 des F\u00e9d\u00e9rations - Caf\u00e9 des F\u00e9d\u00e9rations","og_description":"The historic Bouchon Lyonnais Caf\u00e9 des F\u00e9d\u00e9s is celebrating its 150th anniversary in 2022, the press is talking about it. Read the article!","og_url":"https:\/\/www.restaurant-cafedesfederations-lyon.fr\/en\/150-years-of-the-feds\/","og_site_name":"Caf\u00e9 des F\u00e9d\u00e9rations","article_publisher":"https:\/\/www.facebook.com\/cafedesfederations","article_published_time":"2022-11-20T16:10:50+00:00","article_modified_time":"2023-12-13T16:06:11+00:00","author":"CafeDesFedes","twitter_card":"summary_large_image","twitter_misc":{"Written by":"CafeDesFedes"},"schema":{"@context":"https:\/\/schema.org","@graph":[{"@type":"Article","@id":"https:\/\/www.restaurant-cafedesfederations-lyon.fr\/en\/150-years-of-the-feds\/#article","isPartOf":{"@id":"https:\/\/www.restaurant-cafedesfederations-lyon.fr\/en\/150-years-of-the-feds\/"},"author":{"name":"CafeDesFedes","@id":"https:\/\/www.restaurant-cafedesfederations-lyon.fr\/en\/#\/schema\/person\/a4a61428ab2943e0c24045d1df7e2482"},"headline":"150 years of le Caf\u00e9 des F\u00e9d\u00e9rations","datePublished":"2022-11-20T16:10:50+00:00","dateModified":"2023-12-13T16:06:11+00:00","mainEntityOfPage":{"@id":"https:\/\/www.restaurant-cafedesfederations-lyon.fr\/en\/150-years-of-the-feds\/"},"wordCount":23,"publisher":{"@id":"https:\/\/www.restaurant-cafedesfederations-lyon.fr\/en\/#organization"},"articleSection":["Press"],"inLanguage":"en-US"},{"@type":"WebPage","@id":"https:\/\/www.restaurant-cafedesfederations-lyon.fr\/en\/150-years-of-the-feds\/","url":"https:\/\/www.restaurant-cafedesfederations-lyon.fr\/en\/150-years-of-the-feds\/","name":"150 years of le Caf\u00e9 des F\u00e9d\u00e9rations - Caf\u00e9 des F\u00e9d\u00e9rations","isPartOf":{"@id":"https:\/\/www.restaurant-cafedesfederations-lyon.fr\/en\/#website"},"datePublished":"2022-11-20T16:10:50+00:00","dateModified":"2023-12-13T16:06:11+00:00","description":"The historic Bouchon Lyonnais Caf\u00e9 des F\u00e9d\u00e9s is celebrating its 150th anniversary in 2022, the press is talking about it. Read the article!","breadcrumb":{"@id":"https:\/\/www.restaurant-cafedesfederations-lyon.fr\/en\/150-years-of-the-feds\/#breadcrumb"},"inLanguage":"en-US","potentialAction":[{"@type":"ReadAction","target":["https:\/\/www.restaurant-cafedesfederations-lyon.fr\/en\/150-years-of-the-feds\/"]}]},{"@type":"BreadcrumbList","@id":"https:\/\/www.restaurant-cafedesfederations-lyon.fr\/en\/150-years-of-the-feds\/#breadcrumb","itemListElement":[{"@type":"ListItem","position":1,"name":"Accueil","item":"https:\/\/www.restaurant-cafedesfederations-lyon.fr\/en\/"},{"@type":"ListItem","position":2,"name":"150 years of le Caf\u00e9 des F\u00e9d\u00e9rations"}]},{"@type":"WebSite","@id":"https:\/\/www.restaurant-cafedesfederations-lyon.fr\/en\/#website","url":"https:\/\/www.restaurant-cafedesfederations-lyon.fr\/en\/","name":"Caf\u00e9 des F\u00e9d\u00e9rations","description":"Authentique et historique bouchon lyonnais","publisher":{"@id":"https:\/\/www.restaurant-cafedesfederations-lyon.fr\/en\/#organization"},"potentialAction":[{"@type":"SearchAction","target":{"@type":"EntryPoint","urlTemplate":"https:\/\/www.restaurant-cafedesfederations-lyon.fr\/en\/?s={search_term_string}"},"query-input":{"@type":"PropertyValueSpecification","valueRequired":true,"valueName":"search_term_string"}}],"inLanguage":"en-US"},{"@type":"Organization","@id":"https:\/\/www.restaurant-cafedesfederations-lyon.fr\/en\/#organization","name":"Caf\u00e9 des F\u00e9d\u00e9rations","url":"https:\/\/www.restaurant-cafedesfederations-lyon.fr\/en\/","logo":{"@type":"ImageObject","inLanguage":"en-US","@id":"https:\/\/www.restaurant-cafedesfederations-lyon.fr\/en\/#\/schema\/logo\/image\/","url":"https:\/\/restaurant-cafedesfederations-lyon.fr\/wp-content\/uploads\/2023\/11\/LOGO-fedes.png","contentUrl":"https:\/\/restaurant-cafedesfederations-lyon.fr\/wp-content\/uploads\/2023\/11\/LOGO-fedes.png","width":2682,"height":1360,"caption":"Caf\u00e9 des F\u00e9d\u00e9rations"},"image":{"@id":"https:\/\/www.restaurant-cafedesfederations-lyon.fr\/en\/#\/schema\/logo\/image\/"},"sameAs":["https:\/\/www.facebook.com\/cafedesfederations","https:\/\/www.instagram.com\/le_cafe_des_federations\/?hl=fr"]},{"@type":"Person","@id":"https:\/\/www.restaurant-cafedesfederations-lyon.fr\/en\/#\/schema\/person\/a4a61428ab2943e0c24045d1df7e2482","name":"CafeDesFedes","image":{"@type":"ImageObject","inLanguage":"en-US","@id":"https:\/\/secure.gravatar.com\/avatar\/4736a0ede3e1c47b61cd3504372b52fe3c71b50e0cbc9edcee5a1ac4c668cafc?s=96&d=mm&r=g","url":"https:\/\/secure.gravatar.com\/avatar\/4736a0ede3e1c47b61cd3504372b52fe3c71b50e0cbc9edcee5a1ac4c668cafc?s=96&d=mm&r=g","contentUrl":"https:\/\/secure.gravatar.com\/avatar\/4736a0ede3e1c47b61cd3504372b52fe3c71b50e0cbc9edcee5a1ac4c668cafc?s=96&d=mm&r=g","caption":"CafeDesFedes"},"sameAs":["https:\/\/restaurant-cafedesfederations-lyon.fr"],"url":"https:\/\/www.restaurant-cafedesfederations-lyon.fr\/en\/author\/cafedesfedes\/"}]}},"_links":{"self":[{"href":"https:\/\/www.restaurant-cafedesfederations-lyon.fr\/en\/wp-json\/wp\/v2\/posts\/1451","targetHints":{"allow":["GET"]}}],"collection":[{"href":"https:\/\/www.restaurant-cafedesfederations-lyon.fr\/en\/wp-json\/wp\/v2\/posts"}],"about":[{"href":"https:\/\/www.restaurant-cafedesfederations-lyon.fr\/en\/wp-json\/wp\/v2\/types\/post"}],"author":[{"embeddable":true,"href":"https:\/\/www.restaurant-cafedesfederations-lyon.fr\/en\/wp-json\/wp\/v2\/users\/1"}],"replies":[{"embeddable":true,"href":"https:\/\/www.restaurant-cafedesfederations-lyon.fr\/en\/wp-json\/wp\/v2\/comments?post=1451"}],"version-history":[{"count":3,"href":"https:\/\/www.restaurant-cafedesfederations-lyon.fr\/en\/wp-json\/wp\/v2\/posts\/1451\/revisions"}],"predecessor-version":[{"id":1612,"href":"https:\/\/www.restaurant-cafedesfederations-lyon.fr\/en\/wp-json\/wp\/v2\/posts\/1451\/revisions\/1612"}],"wp:attachment":[{"href":"https:\/\/www.restaurant-cafedesfederations-lyon.fr\/en\/wp-json\/wp\/v2\/media?parent=1451"}],"wp:term":[{"taxonomy":"category","embeddable":true,"href":"https:\/\/www.restaurant-cafedesfederations-lyon.fr\/en\/wp-json\/wp\/v2\/categories?post=1451"},{"taxonomy":"post_tag","embeddable":true,"href":"https:\/\/www.restaurant-cafedesfederations-lyon.fr\/en\/wp-json\/wp\/v2\/tags?post=1451"}],"curies":[{"name":"wp","href":"https:\/\/api.w.org\/{rel}","templated":true}]}}